{"id":1970,"date":"2022-03-26T13:07:29","date_gmt":"2022-03-26T12:07:29","guid":{"rendered":"https:\/\/aste.se\/?p=1970"},"modified":"2022-03-26T13:07:42","modified_gmt":"2022-03-26T12:07:42","slug":"svenska","status":"publish","type":"post","link":"http:\/\/aste.se\/?p=1970","title":{"rendered":"svenska&#8230;"},"content":{"rendered":"<p class=\"MsoNormal\" align=\"center\" style=\"text-align:center\"><b style=\"mso-bidi-font-weight:\nnormal\"><u><span style=\"font-size:12.0pt;line-height:115%\">21-06-01<o:p><\/o:p><\/span><\/u><\/b><\/p>\nVi k\u00e4nner oss sj\u00e4lva s\u00e5 lite att hur kan somliga m\u00e4nniskor s\u00e4ga att de\nk\u00e4nner mig, n\u00e4r jag ibland \u00e4r f\u00f6rvirrad av vilken jag \u00e4r. Om n\u00e5gon sa till mig\nf\u00f6r 4 \u00e5r sedan att jag skulle vara d\u00e4r jag \u00e4r nu ..s\u00e5 fanns det inte ens p\u00e5\nkartan.. s\u00e5 vad vet jag om mig sj\u00e4lv?? V\u00e4ldigt lite. Vi g\u00e5r igenom livet utan\natt egentligen veta vilka vi var..Allt \u00e4r egentligen en subjektiv uppfattning\n..inget annat. <o:p><\/o:p>\n\n<!-- \/wp:post-content --><!-- wp:paragraph -->\n\nFilosofer g\u00f6r anspr\u00e5k p\u00e5 livets f\u00f6rklaring,,,varf\u00f6r livet \u00e4r som det \u00e4r. Men\nhur objektivt det \u00e4n verkar l\u00e5ta och f\u00f6rklaras s\u00e5 \u00e4r det bara en m\u00e4nniskas\nsubjectiva perception, tolknig av denna personens syn p\u00e5 v\u00e4rlden. <o:p><\/o:p>\n\n<!-- \/wp:paragraph --><!-- wp:paragraph -->\n\nVar m\u00e4nniska \u00e4r pr\u00e4glad av sin uppv\u00e4xt, klass, kultur, spr\u00e5k, klimat, mat,\nfamilj etc&#8230;.Vilket inte kan omvandlas till en objektiv filosofisk sanning. <o:p><\/o:p>\n\n<!-- \/wp:paragraph --><!-- wp:paragraph -->\n\nDen som f\u00f6r mig kommit n\u00e4rmast till sanning och verklighet \u00e4r Jesus och hans\nord och liv. <o:p><\/o:p>\n\n<!-- \/wp:paragraph -->","protected":false},"excerpt":{"rendered":"<p>21-06-01 Vi k\u00e4nner oss sj\u00e4lva s\u00e5 lite att hur kan somliga m\u00e4nniskor s\u00e4ga att de k\u00e4nner mig, n\u00e4r jag ibland \u00e4r f\u00f6rvirrad av vilken jag \u00e4r. Om n\u00e5gon sa till mig f\u00f6r 4 \u00e5r sedan att jag skulle vara d\u00e4r jag \u00e4r nu ..s\u00e5 fanns det inte ens p\u00e5 kartan.. s\u00e5 vad vet jag om &hellip; <a href=\"http:\/\/aste.se\/?p=1970\" class=\"more-link\">Forts\u00e4tt l\u00e4sa <span class=\"screen-reader-text\">svenska&#8230;<\/span> <span class=\"meta-nav\">&rarr;<\/span><\/a><\/p>\n","protected":false},"author":1,"featured_media":0,"comment_status":"open","ping_status":"open","sticky":false,"template":"","format":"standard","meta":{"footnotes":""},"categories":[4],"tags":[],"class_list":["post-1970","post","type-post","status-publish","format-standard","hentry","category-personal-reflections"],"_links":{"self":[{"href":"http:\/\/aste.se\/index.php?rest_route=\/wp\/v2\/posts\/1970","targetHints":{"allow":["GET"]}}],"collection":[{"href":"http:\/\/aste.se\/index.php?rest_route=\/wp\/v2\/posts"}],"about":[{"href":"http:\/\/aste.se\/index.php?rest_route=\/wp\/v2\/types\/post"}],"author":[{"embeddable":true,"href":"http:\/\/aste.se\/index.php?rest_route=\/wp\/v2\/users\/1"}],"replies":[{"embeddable":true,"href":"http:\/\/aste.se\/index.php?rest_route=%2Fwp%2Fv2%2Fcomments&post=1970"}],"version-history":[{"count":1,"href":"http:\/\/aste.se\/index.php?rest_route=\/wp\/v2\/posts\/1970\/revisions"}],"predecessor-version":[{"id":1971,"href":"http:\/\/aste.se\/index.php?rest_route=\/wp\/v2\/posts\/1970\/revisions\/1971"}],"wp:attachment":[{"href":"http:\/\/aste.se\/index.php?rest_route=%2Fwp%2Fv2%2Fmedia&parent=1970"}],"wp:term":[{"taxonomy":"category","embeddable":true,"href":"http:\/\/aste.se\/index.php?rest_route=%2Fwp%2Fv2%2Fcategories&post=1970"},{"taxonomy":"post_tag","embeddable":true,"href":"http:\/\/aste.se\/index.php?rest_route=%2Fwp%2Fv2%2Ftags&post=1970"}],"curies":[{"name":"wp","href":"https:\/\/api.w.org\/{rel}","templated":true}]}}