{"id":1856,"date":"2021-02-12T22:16:51","date_gmt":"2021-02-12T21:16:51","guid":{"rendered":"http:\/\/aste.se\/?p=1856"},"modified":"2021-02-13T18:16:27","modified_gmt":"2021-02-13T17:16:27","slug":"mitt-foredrag-om-colombia","status":"publish","type":"post","link":"http:\/\/aste.se\/?p=1856","title":{"rendered":"mitt f\u00f6redrag om Colombia.."},"content":{"rendered":"\n<p><a href=\"https:\/\/studio.youtube.com\/video\/Xcmt7VrRyFI\/edit\">https:\/\/studio.youtube.com\/video\/Xcmt7VrRyFI\/edit<\/a><\/p>\n\n\n\n<p><\/p>\n\n\n\n<p>tryck p\u00e5 l\u00e4nken!<\/p>\n\n\n\n<p>finns nu h\u00e4r! fr\u00e5n 2015 s\u00e5 d\u00e4r finns vissa justeringar&#8230;men \u00e4r fortfarande aktuellt. <\/p>\n","protected":false},"excerpt":{"rendered":"<p>https:\/\/studio.youtube.com\/video\/Xcmt7VrRyFI\/edit tryck p\u00e5 l\u00e4nken! finns nu h\u00e4r! fr\u00e5n 2015 s\u00e5 d\u00e4r finns vissa justeringar&#8230;men \u00e4r fortfarande aktuellt.<\/p>\n","protected":false},"author":1,"featured_media":0,"comment_status":"open","ping_status":"open","sticky":false,"template":"","format":"standard","meta":{"footnotes":""},"categories":[14],"tags":[],"class_list":["post-1856","post","type-post","status-publish","format-standard","hentry","category-my-travels-in-pictures-and-words"],"_links":{"self":[{"href":"http:\/\/aste.se\/index.php?rest_route=\/wp\/v2\/posts\/1856","targetHints":{"allow":["GET"]}}],"collection":[{"href":"http:\/\/aste.se\/index.php?rest_route=\/wp\/v2\/posts"}],"about":[{"href":"http:\/\/aste.se\/index.php?rest_route=\/wp\/v2\/types\/post"}],"author":[{"embeddable":true,"href":"http:\/\/aste.se\/index.php?rest_route=\/wp\/v2\/users\/1"}],"replies":[{"embeddable":true,"href":"http:\/\/aste.se\/index.php?rest_route=%2Fwp%2Fv2%2Fcomments&post=1856"}],"version-history":[{"count":3,"href":"http:\/\/aste.se\/index.php?rest_route=\/wp\/v2\/posts\/1856\/revisions"}],"predecessor-version":[{"id":1862,"href":"http:\/\/aste.se\/index.php?rest_route=\/wp\/v2\/posts\/1856\/revisions\/1862"}],"wp:attachment":[{"href":"http:\/\/aste.se\/index.php?rest_route=%2Fwp%2Fv2%2Fmedia&parent=1856"}],"wp:term":[{"taxonomy":"category","embeddable":true,"href":"http:\/\/aste.se\/index.php?rest_route=%2Fwp%2Fv2%2Fcategories&post=1856"},{"taxonomy":"post_tag","embeddable":true,"href":"http:\/\/aste.se\/index.php?rest_route=%2Fwp%2Fv2%2Ftags&post=1856"}],"curies":[{"name":"wp","href":"https:\/\/api.w.org\/{rel}","templated":true}]}}